{"id":233,"date":"2024-06-18T18:08:52","date_gmt":"2024-06-18T16:08:52","guid":{"rendered":"https:\/\/www.rotary-le-bourget-aulnay.fr\/blog\/aulnay-sous-bois-un-jeune-homme-de-23-ans-meurt-apres-avoir-ete-cible-par-des-tirs-de-kalachnikov\/"},"modified":"2024-06-18T18:08:52","modified_gmt":"2024-06-18T16:08:52","slug":"aulnay-sous-bois-un-jeune-homme-de-23-ans-meurt-apres-avoir-ete-cible-par-des-tirs-de-kalachnikov","status":"publish","type":"post","link":"https:\/\/www.rotary-le-bourget-aulnay.fr\/blog\/aulnay-sous-bois-un-jeune-homme-de-23-ans-meurt-apres-avoir-ete-cible-par-des-tirs-de-kalachnikov\/","title":{"rendered":"Aulnay-sous-Bois: un jeune homme de 23 ans meurt apr\u00e8s avoir \u00e9t\u00e9 cibl\u00e9 par des tirs de kalachnikov"},"content":{"rendered":"<div>Cibl\u00e9 par des tirs de fusil d&rsquo;assaut ce vendredi 14 juin \u00e0 Aulnay-sous-Bois, un homme, \u00e2g\u00e9 de 23 ans, est mort \u00e0 l&rsquo;h\u00f4pital. Un homme, \u00e2g\u00e9 de 23 ans, a \u00e9t\u00e9 la cible de tirs de fusil d &#8230;<\/div>\n<p><!-- no image --><a target=\"_blank\" rel=\"nofollow\" href=\"https:\/\/www.rotary-le-bourget-aulnay.fr\/blog\/goto\/https:\/\/www.bfmtv.com\/paris\/aulnay-sous-bois-un-jeune-homme-de-23-ans-meurt-apres-avoir-ete-cible-par-des-tirs-de-kalachnikov_AN-202406140761.html\" >Aller \u00e0 la source<\/a><br \/>rotary-le-bourget-aulnay.fr vous a s\u00e9lectionn\u00e9 cet article qui d\u00e9bat du sujet \u00ab\u00a0Rotary club du Bourget et Aulnay-sous-Bois\u00a0\u00bb. Cette chronique se veut reproduite du mieux possible. Afin d\u2019\u00e9mettre des remarques sur ce document autour du sujet \u00ab\u00a0Rotary club du Bourget et Aulnay-sous-Bois\u00a0\u00bb merci de bien vouloir utiliser les coordonn\u00e9es indiqu\u00e9es sur notre site internet. La fonction de rotary-le-bourget-aulnay.fr \u00e9tant de s\u00e9lectionner en ligne des infos autour de Rotary club du Bourget et Aulnay-sous-Bois pour ensuite les diffuser en s\u2019assurant de r\u00e9pondre du mieux possible aux questions que tout le monde se pose. En visitant de mani\u00e8re r\u00e9guli\u00e8re notre blog vous serez inform\u00e9 des prochaines annonces.<\/p>\n","protected":false},"excerpt":{"rendered":"<p>Cibl\u00e9 par des tirs de fusil d&rsquo;assaut ce vendredi 14 juin \u00e0 Aulnay-sous-Bois, un homme, \u00e2g\u00e9 de 23 ans, est mort \u00e0 l&rsquo;h\u00f4pital. Un homme, \u00e2g\u00e9 de 23 ans, a \u00e9t\u00e9 la cible de tirs de fusil d &#8230; Aller \u00e0 la sourcerotary-le-bourget-aulnay.fr vous a s\u00e9lectionn\u00e9 cet article qui d\u00e9bat du sujet \u00ab\u00a0Rotary club du&#8230;<\/p>\n","protected":false},"author":2,"featured_media":272,"comment_status":"closed","ping_status":"closed","sticky":false,"template":"","format":"standard","meta":{"_kad_post_transparent":"","_kad_post_title":"","_kad_post_layout":"","_kad_post_sidebar_id":"","_kad_post_content_style":"","_kad_post_vertical_padding":"","_kad_post_feature":"","_kad_post_feature_position":"","_kad_post_header":false,"_kad_post_footer":false,"footnotes":""},"categories":[4],"tags":[],"class_list":["post-233","post","type-post","status-publish","format-standard","has-post-thumbnail","hentry","category-article-sur-le-theme-rotary-club-du-bourget-et-aulnay-sous-bois"],"yoast_head":"<!-- This site is optimized with the Yoast SEO plugin v27.5 - https:\/\/yoast.com\/product\/yoast-seo-wordpress\/ -->\n<title>Aulnay-sous-Bois: un jeune homme de 23 ans meurt apr\u00e8s avoir \u00e9t\u00e9 cibl\u00e9 par des tirs de kalachnikov - ROTARY-LE-BOURGET-AULNAY<\/title>\n<meta name=\"robots\" content=\"index, follow, max-snippet:-1, max-image-preview:large, max-video-preview:-1\" \/>\n<link rel=\"canonical\" href=\"https:\/\/www.rotary-le-bourget-aulnay.fr\/blog\/aulnay-sous-bois-un-jeune-homme-de-23-ans-meurt-apres-avoir-ete-cible-par-des-tirs-de-kalachnikov\/\" \/>\n<meta property=\"og:locale\" content=\"fr_FR\" \/>\n<meta property=\"og:type\" content=\"article\" \/>\n<meta property=\"og:title\" content=\"Aulnay-sous-Bois: un jeune homme de 23 ans meurt apr\u00e8s avoir \u00e9t\u00e9 cibl\u00e9 par des tirs de kalachnikov - ROTARY-LE-BOURGET-AULNAY\" \/>\n<meta property=\"og:description\" content=\"Cibl\u00e9 par des tirs de fusil d&rsquo;assaut ce vendredi 14 juin \u00e0 Aulnay-sous-Bois, un homme, \u00e2g\u00e9 de 23 ans, est mort \u00e0 l&rsquo;h\u00f4pital. Un homme, \u00e2g\u00e9 de 23 ans, a \u00e9t\u00e9 la cible de tirs de fusil d &#8230; Aller \u00e0 la sourcerotary-le-bourget-aulnay.fr vous a s\u00e9lectionn\u00e9 cet article qui d\u00e9bat du sujet \u00ab\u00a0Rotary club du...\" \/>\n<meta property=\"og:url\" content=\"https:\/\/www.rotary-le-bourget-aulnay.fr\/blog\/aulnay-sous-bois-un-jeune-homme-de-23-ans-meurt-apres-avoir-ete-cible-par-des-tirs-de-kalachnikov\/\" \/>\n<meta property=\"og:site_name\" content=\"ROTARY-LE-BOURGET-AULNAY\" \/>\n<meta property=\"article:published_time\" content=\"2024-06-18T16:08:52+00:00\" \/>\n<meta name=\"author\" content=\"Jordan NIJMAN\" \/>\n<meta name=\"twitter:card\" content=\"summary_large_image\" \/>\n<meta name=\"twitter:label1\" content=\"\u00c9crit par\" \/>\n\t<meta name=\"twitter:data1\" content=\"Jordan NIJMAN\" \/>\n\t<meta name=\"twitter:label2\" content=\"Dur\u00e9e de lecture estim\u00e9e\" \/>\n\t<meta name=\"twitter:data2\" content=\"1 minute\" \/>\n<script type=\"application\/ld+json\" class=\"yoast-schema-graph\">{\"@context\":\"https:\\\/\\\/schema.org\",\"@graph\":[{\"@type\":\"Article\",\"@id\":\"https:\\\/\\\/www.rotary-le-bourget-aulnay.fr\\\/blog\\\/aulnay-sous-bois-un-jeune-homme-de-23-ans-meurt-apres-avoir-ete-cible-par-des-tirs-de-kalachnikov\\\/#article\",\"isPartOf\":{\"@id\":\"https:\\\/\\\/www.rotary-le-bourget-aulnay.fr\\\/blog\\\/aulnay-sous-bois-un-jeune-homme-de-23-ans-meurt-apres-avoir-ete-cible-par-des-tirs-de-kalachnikov\\\/\"},\"author\":{\"name\":\"Jordan NIJMAN\",\"@id\":\"https:\\\/\\\/www.rotary-le-bourget-aulnay.fr\\\/blog\\\/#\\\/schema\\\/person\\\/311471bc2007105f2225e2a3e79cac76\"},\"headline\":\"Aulnay-sous-Bois: un jeune homme de 23 ans meurt apr\u00e8s avoir \u00e9t\u00e9 cibl\u00e9 par des tirs de kalachnikov\",\"datePublished\":\"2024-06-18T16:08:52+00:00\",\"mainEntityOfPage\":{\"@id\":\"https:\\\/\\\/www.rotary-le-bourget-aulnay.fr\\\/blog\\\/aulnay-sous-bois-un-jeune-homme-de-23-ans-meurt-apres-avoir-ete-cible-par-des-tirs-de-kalachnikov\\\/\"},\"wordCount\":170,\"publisher\":{\"@id\":\"https:\\\/\\\/www.rotary-le-bourget-aulnay.fr\\\/blog\\\/#organization\"},\"image\":{\"@id\":\"https:\\\/\\\/www.rotary-le-bourget-aulnay.fr\\\/blog\\\/aulnay-sous-bois-un-jeune-homme-de-23-ans-meurt-apres-avoir-ete-cible-par-des-tirs-de-kalachnikov\\\/#primaryimage\"},\"thumbnailUrl\":\"https:\\\/\\\/www.rotary-le-bourget-aulnay.fr\\\/blog\\\/wp-content\\\/uploads\\\/2024\\\/07\\\/aulnay-sous-bois-un-jeune-homme-de-23-ans-meurt-apres-avoir-ete-cible-par-des-tirs-de-kalachnikov.jpg\",\"articleSection\":[\"Article Sur Le Th\u00e8me Rotary Club Du Bourget Et Aulnay-Sous-Bois:\"],\"inLanguage\":\"fr-FR\"},{\"@type\":\"WebPage\",\"@id\":\"https:\\\/\\\/www.rotary-le-bourget-aulnay.fr\\\/blog\\\/aulnay-sous-bois-un-jeune-homme-de-23-ans-meurt-apres-avoir-ete-cible-par-des-tirs-de-kalachnikov\\\/\",\"url\":\"https:\\\/\\\/www.rotary-le-bourget-aulnay.fr\\\/blog\\\/aulnay-sous-bois-un-jeune-homme-de-23-ans-meurt-apres-avoir-ete-cible-par-des-tirs-de-kalachnikov\\\/\",\"name\":\"Aulnay-sous-Bois: un jeune homme de 23 ans meurt apr\u00e8s avoir \u00e9t\u00e9 cibl\u00e9 par des tirs de kalachnikov - ROTARY-LE-BOURGET-AULNAY\",\"isPartOf\":{\"@id\":\"https:\\\/\\\/www.rotary-le-bourget-aulnay.fr\\\/blog\\\/#website\"},\"primaryImageOfPage\":{\"@id\":\"https:\\\/\\\/www.rotary-le-bourget-aulnay.fr\\\/blog\\\/aulnay-sous-bois-un-jeune-homme-de-23-ans-meurt-apres-avoir-ete-cible-par-des-tirs-de-kalachnikov\\\/#primaryimage\"},\"image\":{\"@id\":\"https:\\\/\\\/www.rotary-le-bourget-aulnay.fr\\\/blog\\\/aulnay-sous-bois-un-jeune-homme-de-23-ans-meurt-apres-avoir-ete-cible-par-des-tirs-de-kalachnikov\\\/#primaryimage\"},\"thumbnailUrl\":\"https:\\\/\\\/www.rotary-le-bourget-aulnay.fr\\\/blog\\\/wp-content\\\/uploads\\\/2024\\\/07\\\/aulnay-sous-bois-un-jeune-homme-de-23-ans-meurt-apres-avoir-ete-cible-par-des-tirs-de-kalachnikov.jpg\",\"datePublished\":\"2024-06-18T16:08:52+00:00\",\"breadcrumb\":{\"@id\":\"https:\\\/\\\/www.rotary-le-bourget-aulnay.fr\\\/blog\\\/aulnay-sous-bois-un-jeune-homme-de-23-ans-meurt-apres-avoir-ete-cible-par-des-tirs-de-kalachnikov\\\/#breadcrumb\"},\"inLanguage\":\"fr-FR\",\"potentialAction\":[{\"@type\":\"ReadAction\",\"target\":[\"https:\\\/\\\/www.rotary-le-bourget-aulnay.fr\\\/blog\\\/aulnay-sous-bois-un-jeune-homme-de-23-ans-meurt-apres-avoir-ete-cible-par-des-tirs-de-kalachnikov\\\/\"]}]},{\"@type\":\"ImageObject\",\"inLanguage\":\"fr-FR\",\"@id\":\"https:\\\/\\\/www.rotary-le-bourget-aulnay.fr\\\/blog\\\/aulnay-sous-bois-un-jeune-homme-de-23-ans-meurt-apres-avoir-ete-cible-par-des-tirs-de-kalachnikov\\\/#primaryimage\",\"url\":\"https:\\\/\\\/www.rotary-le-bourget-aulnay.fr\\\/blog\\\/wp-content\\\/uploads\\\/2024\\\/07\\\/aulnay-sous-bois-un-jeune-homme-de-23-ans-meurt-apres-avoir-ete-cible-par-des-tirs-de-kalachnikov.jpg\",\"contentUrl\":\"https:\\\/\\\/www.rotary-le-bourget-aulnay.fr\\\/blog\\\/wp-content\\\/uploads\\\/2024\\\/07\\\/aulnay-sous-bois-un-jeune-homme-de-23-ans-meurt-apres-avoir-ete-cible-par-des-tirs-de-kalachnikov.jpg\",\"width\":2048,\"height\":1152},{\"@type\":\"BreadcrumbList\",\"@id\":\"https:\\\/\\\/www.rotary-le-bourget-aulnay.fr\\\/blog\\\/aulnay-sous-bois-un-jeune-homme-de-23-ans-meurt-apres-avoir-ete-cible-par-des-tirs-de-kalachnikov\\\/#breadcrumb\",\"itemListElement\":[{\"@type\":\"ListItem\",\"position\":1,\"name\":\"Accueil\",\"item\":\"https:\\\/\\\/www.rotary-le-bourget-aulnay.fr\\\/blog\\\/\"},{\"@type\":\"ListItem\",\"position\":2,\"name\":\"Aulnay-sous-Bois: un jeune homme de 23 ans meurt apr\u00e8s avoir \u00e9t\u00e9 cibl\u00e9 par des tirs de kalachnikov\"}]},{\"@type\":\"WebSite\",\"@id\":\"https:\\\/\\\/www.rotary-le-bourget-aulnay.fr\\\/blog\\\/#website\",\"url\":\"https:\\\/\\\/www.rotary-le-bourget-aulnay.fr\\\/blog\\\/\",\"name\":\"ROTARY-LE-BOURGET-AULNAY\",\"description\":\"Rotary club du Bourget et Aulnay-sous-Bois; La devise du Rotary International : Servir d&#039;abord.\",\"publisher\":{\"@id\":\"https:\\\/\\\/www.rotary-le-bourget-aulnay.fr\\\/blog\\\/#organization\"},\"potentialAction\":[{\"@type\":\"SearchAction\",\"target\":{\"@type\":\"EntryPoint\",\"urlTemplate\":\"https:\\\/\\\/www.rotary-le-bourget-aulnay.fr\\\/blog\\\/?s={search_term_string}\"},\"query-input\":{\"@type\":\"PropertyValueSpecification\",\"valueRequired\":true,\"valueName\":\"search_term_string\"}}],\"inLanguage\":\"fr-FR\"},{\"@type\":\"Organization\",\"@id\":\"https:\\\/\\\/www.rotary-le-bourget-aulnay.fr\\\/blog\\\/#organization\",\"name\":\"rotary-le-bourget-aulnay\",\"url\":\"https:\\\/\\\/www.rotary-le-bourget-aulnay.fr\\\/blog\\\/\",\"logo\":{\"@type\":\"ImageObject\",\"inLanguage\":\"fr-FR\",\"@id\":\"https:\\\/\\\/www.rotary-le-bourget-aulnay.fr\\\/blog\\\/#\\\/schema\\\/logo\\\/image\\\/\",\"url\":\"https:\\\/\\\/www.rotary-le-bourget-aulnay.fr\\\/blog\\\/wp-content\\\/uploads\\\/2023\\\/04\\\/logo-2.png\",\"contentUrl\":\"https:\\\/\\\/www.rotary-le-bourget-aulnay.fr\\\/blog\\\/wp-content\\\/uploads\\\/2023\\\/04\\\/logo-2.png\",\"width\":400,\"height\":304,\"caption\":\"rotary-le-bourget-aulnay\"},\"image\":{\"@id\":\"https:\\\/\\\/www.rotary-le-bourget-aulnay.fr\\\/blog\\\/#\\\/schema\\\/logo\\\/image\\\/\"}},{\"@type\":\"Person\",\"@id\":\"https:\\\/\\\/www.rotary-le-bourget-aulnay.fr\\\/blog\\\/#\\\/schema\\\/person\\\/311471bc2007105f2225e2a3e79cac76\",\"name\":\"Jordan NIJMAN\",\"image\":{\"@type\":\"ImageObject\",\"inLanguage\":\"fr-FR\",\"@id\":\"https:\\\/\\\/secure.gravatar.com\\\/avatar\\\/892138de65c0f3fe8d4ac2dbb38422e284e9a3852889a8591e11d35fb0e17c11?s=96&d=mm&r=g\",\"url\":\"https:\\\/\\\/secure.gravatar.com\\\/avatar\\\/892138de65c0f3fe8d4ac2dbb38422e284e9a3852889a8591e11d35fb0e17c11?s=96&d=mm&r=g\",\"contentUrl\":\"https:\\\/\\\/secure.gravatar.com\\\/avatar\\\/892138de65c0f3fe8d4ac2dbb38422e284e9a3852889a8591e11d35fb0e17c11?s=96&d=mm&r=g\",\"caption\":\"Jordan NIJMAN\"},\"url\":\"https:\\\/\\\/www.rotary-le-bourget-aulnay.fr\\\/blog\\\/author\\\/nayjordan\\\/\"}]}<\/script>\n<!-- \/ Yoast SEO plugin. -->","yoast_head_json":{"title":"Aulnay-sous-Bois: un jeune homme de 23 ans meurt apr\u00e8s avoir \u00e9t\u00e9 cibl\u00e9 par des tirs de kalachnikov - ROTARY-LE-BOURGET-AULNAY","robots":{"index":"index","follow":"follow","max-snippet":"max-snippet:-1","max-image-preview":"max-image-preview:large","max-video-preview":"max-video-preview:-1"},"canonical":"https:\/\/www.rotary-le-bourget-aulnay.fr\/blog\/aulnay-sous-bois-un-jeune-homme-de-23-ans-meurt-apres-avoir-ete-cible-par-des-tirs-de-kalachnikov\/","og_locale":"fr_FR","og_type":"article","og_title":"Aulnay-sous-Bois: un jeune homme de 23 ans meurt apr\u00e8s avoir \u00e9t\u00e9 cibl\u00e9 par des tirs de kalachnikov - ROTARY-LE-BOURGET-AULNAY","og_description":"Cibl\u00e9 par des tirs de fusil d&rsquo;assaut ce vendredi 14 juin \u00e0 Aulnay-sous-Bois, un homme, \u00e2g\u00e9 de 23 ans, est mort \u00e0 l&rsquo;h\u00f4pital. Un homme, \u00e2g\u00e9 de 23 ans, a \u00e9t\u00e9 la cible de tirs de fusil d &#8230; Aller \u00e0 la sourcerotary-le-bourget-aulnay.fr vous a s\u00e9lectionn\u00e9 cet article qui d\u00e9bat du sujet \u00ab\u00a0Rotary club du...","og_url":"https:\/\/www.rotary-le-bourget-aulnay.fr\/blog\/aulnay-sous-bois-un-jeune-homme-de-23-ans-meurt-apres-avoir-ete-cible-par-des-tirs-de-kalachnikov\/","og_site_name":"ROTARY-LE-BOURGET-AULNAY","article_published_time":"2024-06-18T16:08:52+00:00","author":"Jordan NIJMAN","twitter_card":"summary_large_image","twitter_misc":{"\u00c9crit par":"Jordan NIJMAN","Dur\u00e9e de lecture estim\u00e9e":"1 minute"},"schema":{"@context":"https:\/\/schema.org","@graph":[{"@type":"Article","@id":"https:\/\/www.rotary-le-bourget-aulnay.fr\/blog\/aulnay-sous-bois-un-jeune-homme-de-23-ans-meurt-apres-avoir-ete-cible-par-des-tirs-de-kalachnikov\/#article","isPartOf":{"@id":"https:\/\/www.rotary-le-bourget-aulnay.fr\/blog\/aulnay-sous-bois-un-jeune-homme-de-23-ans-meurt-apres-avoir-ete-cible-par-des-tirs-de-kalachnikov\/"},"author":{"name":"Jordan NIJMAN","@id":"https:\/\/www.rotary-le-bourget-aulnay.fr\/blog\/#\/schema\/person\/311471bc2007105f2225e2a3e79cac76"},"headline":"Aulnay-sous-Bois: un jeune homme de 23 ans meurt apr\u00e8s avoir \u00e9t\u00e9 cibl\u00e9 par des tirs de kalachnikov","datePublished":"2024-06-18T16:08:52+00:00","mainEntityOfPage":{"@id":"https:\/\/www.rotary-le-bourget-aulnay.fr\/blog\/aulnay-sous-bois-un-jeune-homme-de-23-ans-meurt-apres-avoir-ete-cible-par-des-tirs-de-kalachnikov\/"},"wordCount":170,"publisher":{"@id":"https:\/\/www.rotary-le-bourget-aulnay.fr\/blog\/#organization"},"image":{"@id":"https:\/\/www.rotary-le-bourget-aulnay.fr\/blog\/aulnay-sous-bois-un-jeune-homme-de-23-ans-meurt-apres-avoir-ete-cible-par-des-tirs-de-kalachnikov\/#primaryimage"},"thumbnailUrl":"https:\/\/www.rotary-le-bourget-aulnay.fr\/blog\/wp-content\/uploads\/2024\/07\/aulnay-sous-bois-un-jeune-homme-de-23-ans-meurt-apres-avoir-ete-cible-par-des-tirs-de-kalachnikov.jpg","articleSection":["Article Sur Le Th\u00e8me Rotary Club Du Bourget Et Aulnay-Sous-Bois:"],"inLanguage":"fr-FR"},{"@type":"WebPage","@id":"https:\/\/www.rotary-le-bourget-aulnay.fr\/blog\/aulnay-sous-bois-un-jeune-homme-de-23-ans-meurt-apres-avoir-ete-cible-par-des-tirs-de-kalachnikov\/","url":"https:\/\/www.rotary-le-bourget-aulnay.fr\/blog\/aulnay-sous-bois-un-jeune-homme-de-23-ans-meurt-apres-avoir-ete-cible-par-des-tirs-de-kalachnikov\/","name":"Aulnay-sous-Bois: un jeune homme de 23 ans meurt apr\u00e8s avoir \u00e9t\u00e9 cibl\u00e9 par des tirs de kalachnikov - ROTARY-LE-BOURGET-AULNAY","isPartOf":{"@id":"https:\/\/www.rotary-le-bourget-aulnay.fr\/blog\/#website"},"primaryImageOfPage":{"@id":"https:\/\/www.rotary-le-bourget-aulnay.fr\/blog\/aulnay-sous-bois-un-jeune-homme-de-23-ans-meurt-apres-avoir-ete-cible-par-des-tirs-de-kalachnikov\/#primaryimage"},"image":{"@id":"https:\/\/www.rotary-le-bourget-aulnay.fr\/blog\/aulnay-sous-bois-un-jeune-homme-de-23-ans-meurt-apres-avoir-ete-cible-par-des-tirs-de-kalachnikov\/#primaryimage"},"thumbnailUrl":"https:\/\/www.rotary-le-bourget-aulnay.fr\/blog\/wp-content\/uploads\/2024\/07\/aulnay-sous-bois-un-jeune-homme-de-23-ans-meurt-apres-avoir-ete-cible-par-des-tirs-de-kalachnikov.jpg","datePublished":"2024-06-18T16:08:52+00:00","breadcrumb":{"@id":"https:\/\/www.rotary-le-bourget-aulnay.fr\/blog\/aulnay-sous-bois-un-jeune-homme-de-23-ans-meurt-apres-avoir-ete-cible-par-des-tirs-de-kalachnikov\/#breadcrumb"},"inLanguage":"fr-FR","potentialAction":[{"@type":"ReadAction","target":["https:\/\/www.rotary-le-bourget-aulnay.fr\/blog\/aulnay-sous-bois-un-jeune-homme-de-23-ans-meurt-apres-avoir-ete-cible-par-des-tirs-de-kalachnikov\/"]}]},{"@type":"ImageObject","inLanguage":"fr-FR","@id":"https:\/\/www.rotary-le-bourget-aulnay.fr\/blog\/aulnay-sous-bois-un-jeune-homme-de-23-ans-meurt-apres-avoir-ete-cible-par-des-tirs-de-kalachnikov\/#primaryimage","url":"https:\/\/www.rotary-le-bourget-aulnay.fr\/blog\/wp-content\/uploads\/2024\/07\/aulnay-sous-bois-un-jeune-homme-de-23-ans-meurt-apres-avoir-ete-cible-par-des-tirs-de-kalachnikov.jpg","contentUrl":"https:\/\/www.rotary-le-bourget-aulnay.fr\/blog\/wp-content\/uploads\/2024\/07\/aulnay-sous-bois-un-jeune-homme-de-23-ans-meurt-apres-avoir-ete-cible-par-des-tirs-de-kalachnikov.jpg","width":2048,"height":1152},{"@type":"BreadcrumbList","@id":"https:\/\/www.rotary-le-bourget-aulnay.fr\/blog\/aulnay-sous-bois-un-jeune-homme-de-23-ans-meurt-apres-avoir-ete-cible-par-des-tirs-de-kalachnikov\/#breadcrumb","itemListElement":[{"@type":"ListItem","position":1,"name":"Accueil","item":"https:\/\/www.rotary-le-bourget-aulnay.fr\/blog\/"},{"@type":"ListItem","position":2,"name":"Aulnay-sous-Bois: un jeune homme de 23 ans meurt apr\u00e8s avoir \u00e9t\u00e9 cibl\u00e9 par des tirs de kalachnikov"}]},{"@type":"WebSite","@id":"https:\/\/www.rotary-le-bourget-aulnay.fr\/blog\/#website","url":"https:\/\/www.rotary-le-bourget-aulnay.fr\/blog\/","name":"ROTARY-LE-BOURGET-AULNAY","description":"Rotary club du Bourget et Aulnay-sous-Bois; La devise du Rotary International : Servir d&#039;abord.","publisher":{"@id":"https:\/\/www.rotary-le-bourget-aulnay.fr\/blog\/#organization"},"potentialAction":[{"@type":"SearchAction","target":{"@type":"EntryPoint","urlTemplate":"https:\/\/www.rotary-le-bourget-aulnay.fr\/blog\/?s={search_term_string}"},"query-input":{"@type":"PropertyValueSpecification","valueRequired":true,"valueName":"search_term_string"}}],"inLanguage":"fr-FR"},{"@type":"Organization","@id":"https:\/\/www.rotary-le-bourget-aulnay.fr\/blog\/#organization","name":"rotary-le-bourget-aulnay","url":"https:\/\/www.rotary-le-bourget-aulnay.fr\/blog\/","logo":{"@type":"ImageObject","inLanguage":"fr-FR","@id":"https:\/\/www.rotary-le-bourget-aulnay.fr\/blog\/#\/schema\/logo\/image\/","url":"https:\/\/www.rotary-le-bourget-aulnay.fr\/blog\/wp-content\/uploads\/2023\/04\/logo-2.png","contentUrl":"https:\/\/www.rotary-le-bourget-aulnay.fr\/blog\/wp-content\/uploads\/2023\/04\/logo-2.png","width":400,"height":304,"caption":"rotary-le-bourget-aulnay"},"image":{"@id":"https:\/\/www.rotary-le-bourget-aulnay.fr\/blog\/#\/schema\/logo\/image\/"}},{"@type":"Person","@id":"https:\/\/www.rotary-le-bourget-aulnay.fr\/blog\/#\/schema\/person\/311471bc2007105f2225e2a3e79cac76","name":"Jordan NIJMAN","image":{"@type":"ImageObject","inLanguage":"fr-FR","@id":"https:\/\/secure.gravatar.com\/avatar\/892138de65c0f3fe8d4ac2dbb38422e284e9a3852889a8591e11d35fb0e17c11?s=96&d=mm&r=g","url":"https:\/\/secure.gravatar.com\/avatar\/892138de65c0f3fe8d4ac2dbb38422e284e9a3852889a8591e11d35fb0e17c11?s=96&d=mm&r=g","contentUrl":"https:\/\/secure.gravatar.com\/avatar\/892138de65c0f3fe8d4ac2dbb38422e284e9a3852889a8591e11d35fb0e17c11?s=96&d=mm&r=g","caption":"Jordan NIJMAN"},"url":"https:\/\/www.rotary-le-bourget-aulnay.fr\/blog\/author\/nayjordan\/"}]}},"_links":{"self":[{"href":"https:\/\/www.rotary-le-bourget-aulnay.fr\/blog\/wp-json\/wp\/v2\/posts\/233","targetHints":{"allow":["GET"]}}],"collection":[{"href":"https:\/\/www.rotary-le-bourget-aulnay.fr\/blog\/wp-json\/wp\/v2\/posts"}],"about":[{"href":"https:\/\/www.rotary-le-bourget-aulnay.fr\/blog\/wp-json\/wp\/v2\/types\/post"}],"author":[{"embeddable":true,"href":"https:\/\/www.rotary-le-bourget-aulnay.fr\/blog\/wp-json\/wp\/v2\/users\/2"}],"replies":[{"embeddable":true,"href":"https:\/\/www.rotary-le-bourget-aulnay.fr\/blog\/wp-json\/wp\/v2\/comments?post=233"}],"version-history":[{"count":0,"href":"https:\/\/www.rotary-le-bourget-aulnay.fr\/blog\/wp-json\/wp\/v2\/posts\/233\/revisions"}],"wp:featuredmedia":[{"embeddable":true,"href":"https:\/\/www.rotary-le-bourget-aulnay.fr\/blog\/wp-json\/wp\/v2\/media\/272"}],"wp:attachment":[{"href":"https:\/\/www.rotary-le-bourget-aulnay.fr\/blog\/wp-json\/wp\/v2\/media?parent=233"}],"wp:term":[{"taxonomy":"category","embeddable":true,"href":"https:\/\/www.rotary-le-bourget-aulnay.fr\/blog\/wp-json\/wp\/v2\/categories?post=233"},{"taxonomy":"post_tag","embeddable":true,"href":"https:\/\/www.rotary-le-bourget-aulnay.fr\/blog\/wp-json\/wp\/v2\/tags?post=233"}],"curies":[{"name":"wp","href":"https:\/\/api.w.org\/{rel}","templated":true}]}}